{"id":1879,"date":"2010-06-21T00:02:47","date_gmt":"2010-06-21T00:02:47","guid":{"rendered":"http:\/\/blog.ravalnet.org\/recursosaula\/2010\/06\/21\/que-passa-amb-el-projecte-1x1\/"},"modified":"2010-06-21T00:02:47","modified_gmt":"2010-06-21T00:02:47","slug":"que-passa-amb-el-projecte-1x1","status":"publish","type":"post","link":"https:\/\/blog.ravalnet.org\/recursosaula\/2010\/06\/21\/que-passa-amb-el-projecte-1x1\/","title":{"rendered":"QU\u00c8 PASSA AMB EL PROJECTE 1X1?"},"content":{"rendered":"<p align=\"JUSTIFY\" style=\"margin-left: 0.07cm; \" \/>\n<p style=\"margin-bottom: 0cm; \"><font class=\"Apple-style-span\" face=\"Verdana, sans-serif\"><\/font><\/p>\n<p><font class=\"Apple-style-span\" face=\"Verdana, sans-serif\"><\/p>\n<p><font class=\"Apple-style-span\" face=\"Arial, sans-serif\"><\/font><\/p>\n<p><font class=\"Apple-style-span\" face=\"Arial, sans-serif\"><\/p>\n<p><font face=\"Verdana, sans-serif\">A la p\u00e0gina 8  de la <a href=\"http:\/\/www.gencat.cat\/generalitat\/cat\/govern\/infocatalunya\/23_infocat\/cat\/index.htm \">revista<br \/>\nInfoCatalunya<\/a> del mes de juny (altrament anomenada, propaganda<br \/>\ninstitucional \ud83d\ude09 ) surt la not\u00edcia \u201cS&#8217;est\u00e9n l&#8217;\u00fas d&#8217;ordinadors a les<br \/>\naules\u201d.<\/font><\/p>\n<p><span class=\"Apple-style-span\" style=\"font-family: Verdana, sans-serif; \">En principi  \u00e9s una bona cosa i<br \/>\nvol dir que comencem a creure que un canvi metodol\u00f2gic \u00e9s, no nom\u00e9s<br \/>\npossible, sin\u00f3 necessari. Tal com ens diu l&#8217;article \u201cA les aules<br \/>\ns&#8217;introdueixen els ordinadors com a eina de treball, a m\u00e9s d&#8217;un<br \/>\nprojector i una pissarra electr\u00f2nica connectada a un ordinador,<br \/>\nacc\u00e9s a Internet i xarxa Wi-Fi.\u201d<\/span><\/p>\n<p><span class=\"Apple-style-span\" style=\"font-family: Verdana, sans-serif; \">L&#8217;article tamb\u00e9 ens parla del<br \/>\nn\u00famero de centres que s&#8217;han adherit al projecte, del nombre<br \/>\nd&#8217;alumnes que hi participaran, etc.<\/span><\/p>\n<p><span class=\"Apple-style-span\" style=\"font-family: Verdana, sans-serif; \">Per\u00f2 en cap moment parla de les<br \/>\ncondicions en que es du a terme aquest projecte. Unes condicions del<br \/>\ntot incre\u00efbles que estan creant inseguretat, sorpresa i consternaci\u00f3<br \/>\nals mestres i centres encarregats de tirar endavant el projecte<br \/>\nEducat 1&#215;1.<\/span><\/p>\n<p><span class=\"Apple-style-span\" style=\"font-family: Verdana, sans-serif; \">Des del Departament promouen un<br \/>\nprojecte tan ambici\u00f3s com l&#8217;Educat 1X1 per\u00f2 inconcebiblement  els<br \/>\ncentres que hi participen queden exclosos del moodle i d&#8217;Agora.<\/span><\/p>\n<p><span class=\"Apple-style-span\" style=\"font-family: Verdana, sans-serif; \">Per qui no s&#8217;ho pugui creure a<br \/>\nsota copio un fragment de la carta que, el 17 de juny, el sr. Jaume Graells i Vegu\u00edn,<br \/>\ndirector general de l&#8217;Educaci\u00f3 B\u00e0sica i dels Batxillerat, va<br \/>\nadre\u00e7ar fa uns dies als instituts que han entrat en aquest projecte<br \/>\n1&#215;1:<\/span><\/p>\n<p>\u201c<font face=\"Verdana, sans-serif\"><i>\u00c0gora (Moodle). El Moodle<br \/>\nallotjat a les instal\u00b7lacions de Via Augusta queda excl\u00f2s com a<br \/>\nopci\u00f3 per als grups d\u2019alumnes i professors 1&#215;1. L\u2019entorn Moodle,<br \/>\nsi ha de fer-se\u2019n un \u00fas intensiu, cal portar-lo a l\u2019\u00e0mbit de<br \/>\nles empreses especialitzades en telecomunicacions. Nom\u00e9s una<br \/>\noperaci\u00f3 d\u2019aquest tipus pot garantir un servei adequat als nous<br \/>\nrequeriments del model 1&#215;1 i al volum previsible d\u2019accessos a la<br \/>\nxarxa d\u2019Internet que implica aquest model.<\/i><\/font><\/p>\n<p><span class=\"Apple-style-span\" style=\"font-family: Verdana, sans-serif; \">Quina proposta fa el departament<br \/>\na aquest centres? A continuaci\u00f3 us copio un fragment del que en la<br \/>\nmateixa carta ens diu el Sr Graells:<\/span><\/p>\n<p>\u201c<font face=\"Verdana, sans-serif\"><i>En aquest context, el<br \/>\nDepartament d\u2019Educaci\u00f3 considera que cal obrir l&#8217;explotaci\u00f3<br \/>\nd&#8217;\u00c0gora a aquelles entitats que vulguin prestar directament el<br \/>\nservei als centres educatius, en compet\u00e8ncia amb altres solucions<br \/>\npossibles. El manteniment i la gesti\u00f3 de cada soluci\u00f3 Moodle<br \/>\najustada als nous requeriments que estableix el Projecte eduCAT<br \/>\naniria a c\u00e0rrec de les empreses que us vulguin oferir aquesta<br \/>\npossibilitat. La contractaci\u00f3 i el cost correspondr\u00e0 als centres<br \/>\neducatius.<\/i><\/font><\/p>\n<p><font face=\"Verdana, sans-serif\"><i>Altres plataformes. El m\u00f3n de<br \/>\nles plataformes educatives s\u2019est\u00e9n m\u00e9s enll\u00e0 del Moodle. Ens<br \/>\nconsta que altres empreses, nacionals i internacionals, algunes<br \/>\nd\u2019elles de reconeguda traject\u00f2ria i solv\u00e8ncia, s\u2019adre\u00e7aran a<br \/>\nvosaltres per oferir-vos les seves solucions. A vosaltres us<br \/>\ncorrespon decidir quina de les ofertes que rebreu s\u2019ajusta millor a<br \/>\nles necessitats del vostre centre. <\/i>\u201c<\/font><\/p>\n<p><span class=\"Apple-style-span\" style=\"font-family: Verdana, sans-serif; \">Sembla que el departament donar\u00e0<br \/>\n5 euros per alumne per tal que siguin els centres els que contractin<br \/>\nles empreses que el propi departament indicar\u00e0.<\/span><\/p>\n<p><font face=\"Verdana, sans-serif\">Vista la irracionalitat de la<br \/>\nsituaci\u00f3,  les preguntes que moltes de les persones que estem ara<br \/>\nmateix en el projecte 1&#215;1 i que ens comuniquem a trav\u00e9s de la<br \/>\nxarxa ning ens fem s\u00f3n:<\/font><\/p>\n<p><span class=\"Apple-style-span\" style=\"font-family: Verdana, sans-serif; \">&#8211; Qu\u00e8 haurem de fer els<br \/>\n\tinstituts?<\/span><\/p>\n<p><span class=\"Apple-style-span\" style=\"font-family: Verdana, sans-serif; \"><\/span><span class=\"Apple-style-span\" style=\"font-family: Verdana, sans-serif; \">&#8211; Comprar un hosting on allotjar<br \/>\n\tel nostre Moodle? I si el tenim en el servidor del centre?<\/span><\/p>\n<p><span class=\"Apple-style-span\" style=\"font-family: Verdana, sans-serif; \"><\/span><span class=\"Apple-style-span\" style=\"font-family: Verdana, sans-serif; \">&#8211;<br \/>\n\tI perqu\u00e8 en comptes d&#8217;externalitzar cada centre el servei de moodle<br \/>\n\tno ho fa el Departament directament, externalitzant la gesti\u00f3 de<br \/>\n\tles connexions d&#8217;\u00c0gora?<\/span><\/p>\n<p><span class=\"Apple-style-span\" style=\"font-family: Verdana, sans-serif; \">I encara una pregunta m\u00e9s&#8230; Hi<br \/>\nha interessos amagats darrera? -Aquesta \u00e9s meva-<\/span><\/p>\n<p><\/font><\/font><\/p>\n<p style=\"margin-bottom: 0cm; \" \/>\n<p \/>\n<p><font class=\"Apple-style-span\" face=\"Verdana, sans-serif\"><br \/>\n<\/font><\/p>\n<p style=\"margin-bottom: 0cm; \" \/>\n<p \/>\n<p align=\"JUSTIFY\" style=\"margin-left: 0.07cm; \" \/>\n<div><\/div><\/p>\n","protected":false},"excerpt":{"rendered":"<p>A la p\u00e0gina 8 de la revista InfoCatalunya del mes de juny (altrament anomenada, propaganda institucional \ud83d\ude09 ) surt la not\u00edcia \u201cS&#8217;est\u00e9n l&#8217;\u00fas d&#8217;ordinadors a les aules\u201d. En principi \u00e9s una bona cosa i vol dir que comencem a creure &hellip; <a href=\"https:\/\/blog.ravalnet.org\/recursosaula\/2010\/06\/21\/que-passa-amb-el-projecte-1x1\/\">Continue reading <span class=\"meta-nav\">&rarr;<\/span><\/a><\/p>\n","protected":false},"author":86,"featured_media":0,"comment_status":"open","ping_status":"open","sticky":false,"template":"","format":"standard","meta":{"footnotes":""},"categories":[175,166],"tags":[],"class_list":["post-1879","post","type-post","status-publish","format-standard","hentry","category-educacio","category-tic"],"_links":{"self":[{"href":"https:\/\/blog.ravalnet.org\/recursosaula\/wp-json\/wp\/v2\/posts\/1879","targetHints":{"allow":["GET"]}}],"collection":[{"href":"https:\/\/blog.ravalnet.org\/recursosaula\/wp-json\/wp\/v2\/posts"}],"about":[{"href":"https:\/\/blog.ravalnet.org\/recursosaula\/wp-json\/wp\/v2\/types\/post"}],"author":[{"embeddable":true,"href":"https:\/\/blog.ravalnet.org\/recursosaula\/wp-json\/wp\/v2\/users\/86"}],"replies":[{"embeddable":true,"href":"https:\/\/blog.ravalnet.org\/recursosaula\/wp-json\/wp\/v2\/comments?post=1879"}],"version-history":[{"count":0,"href":"https:\/\/blog.ravalnet.org\/recursosaula\/wp-json\/wp\/v2\/posts\/1879\/revisions"}],"wp:attachment":[{"href":"https:\/\/blog.ravalnet.org\/recursosaula\/wp-json\/wp\/v2\/media?parent=1879"}],"wp:term":[{"taxonomy":"category","embeddable":true,"href":"https:\/\/blog.ravalnet.org\/recursosaula\/wp-json\/wp\/v2\/categories?post=1879"},{"taxonomy":"post_tag","embeddable":true,"href":"https:\/\/blog.ravalnet.org\/recursosaula\/wp-json\/wp\/v2\/tags?post=1879"}],"curies":[{"name":"wp","href":"https:\/\/api.w.org\/{rel}","templated":true}]}}