{"id":2326,"date":"2012-05-22T19:40:47","date_gmt":"2012-05-22T18:40:47","guid":{"rendered":"http:\/\/blog.ravalnet.org\/recursosaula\/?p=2326"},"modified":"2012-11-08T21:45:31","modified_gmt":"2012-11-08T20:45:31","slug":"quan-els-alumnes-prenen-la-paraula","status":"publish","type":"post","link":"https:\/\/blog.ravalnet.org\/recursosaula\/2012\/05\/22\/quan-els-alumnes-prenen-la-paraula\/","title":{"rendered":"QUAN ELS ALUMNES PRENEN LA PARAULA"},"content":{"rendered":"<p><em>Avui, 22 de maig de 2012, ha estat un dia especial a l&#8217;escola ja que amb els alumnes que han volgut hem debatut, parlat i treballat sobre l&#8217;escola que volem.<\/p>\n<p>D&#8217;ells han sortit escrits i lemes que s\u00f3n un clar exemple de l&#8217;escola que volen, i tots junts els hem llegit els uns davant els altres i hem omplert la tanca de l&#8217;escola amb els murals que han confegit.<\/p>\n<p>Un dia per no oblidar i per aprendre com \u00e9s d&#8217;important compartir, parlar i defensar all\u00f2 en el que un creu.<\/p>\n<p>Text fet pels alumnes de 6\u00e8 de l&#8217;escola Collaso i Gil:<\/p>\n<p><em> &#8220;L\u2019escola que ens agradaria tenir \u00e9s una escola moderna, amb aules grans i amplies i \u00a0 \u00a0 \u00a0 \u00a0 \u00a0amb molt material escolar. Que hi hagi espais per poder fer diverses activitats: <\/em><em>teatre, m\u00fasica&#8230; Cada alumne ha de tenir un ordinador per poder treballar <\/em><em>diversos <\/em><em>projectes i cada aula una pissarra digital, i que aix\u00f2 ho tinguem des <\/em><em>del <\/em><em>setembre.<\/em><\/p>\n<p><em> Que a les classes hi hagi menys de 25 alumnes perqu\u00e8 les mestres  ens puguin ensenyar \u00a0 \u00a0 \u00a0millor.<\/em><\/p>\n<p><em> Volem mestres fixes i de substituci\u00f3. Que quan la mestra estigui malalta en vingui una \u00a0 \u00a0 \u00a0 altra des del primer dia i fins que es posi bona.<\/em><\/p>\n<p><em> Volem aules d\u2019acollida perqu\u00e8 els nens i nenes que acaben d\u2019arribar puguin aprendre a \u00a0 \u00a0 \u00a0 parlar i escriure en catal\u00e0. Tamb\u00e9 volem aules especials pels alumnes amb m\u00e9s <\/em><em>necessitats perqu\u00e8 puguin aprendre millor i estiguin m\u00e9s ben atesos.<\/em><\/p>\n<p><em> Volem que l\u2019 escola tingui beques per tot l\u2019alumnat que ho necessiti.<\/em><\/p>\n<p><em> <strong>Volem una escola sencera, no retallada!!!<\/strong>&#8220;<\/em><\/p>\n<p>Escolteu els alumnes&#8230;<\/em><\/p>\n<p><code><object width=\"560\" height=\"315\"><param name=\"movie\" value=\"http:\/\/www.youtube.com\/v\/1X0ri4uSd20?version=3&amp;hl=es_ES&amp;rel=0\" \/><param name=\"allowFullScreen\" value=\"true\" \/><param name=\"allowscriptaccess\" value=\"always\" \/><embed type=\"application\/x-shockwave-flash\" width=\"560\" height=\"315\" src=\"http:\/\/www.youtube.com\/v\/1X0ri4uSd20?version=3&amp;hl=es_ES&amp;rel=0\" allowscriptaccess=\"always\" allowfullscreen=\"true\"><\/embed><\/object><\/code><\/p>\n<p>I com que una imatge val m\u00e9s que mil paraules&#8230;<\/p>\n<p><code><code><embed type=\"application\/x-shockwave-flash\" width=\"288\" height=\"192\" src=\"https:\/\/picasaweb.google.com\/s\/c\/bin\/slideshow.swf\" pluginspage=\"http:\/\/www.macromedia.com\/go\/getflashplayer\" flashvars=\"host=picasaweb.google.com&amp;hl=ca&amp;feat=flashalbum&amp;RGB=0x000000&amp;feed=https%3A%2F%2Fpicasaweb.google.com%2Fdata%2Ffeed%2Fapi%2Fuser%2Ffotoscollaso11%2Falbumid%2F5745416187066310385%3Falt%3Drss%26kind%3Dphoto%26hl%3Dca\"><\/embed><\/code><\/p>\n<p><\/code><\/p>\n<p>&nbsp;<\/p>\n","protected":false},"excerpt":{"rendered":"<p>Avui, 22 de maig de 2012, ha estat un dia especial a l&#8217;escola ja que amb els alumnes que han volgut hem debatut, parlat i treballat sobre l&#8217;escola que volem. D&#8217;ells han sortit escrits i lemes que s\u00f3n un clar &hellip; <a href=\"https:\/\/blog.ravalnet.org\/recursosaula\/2012\/05\/22\/quan-els-alumnes-prenen-la-paraula\/\">Continue reading <span class=\"meta-nav\">&rarr;<\/span><\/a><\/p>\n","protected":false},"author":86,"featured_media":0,"comment_status":"open","ping_status":"open","sticky":false,"template":"","format":"standard","meta":{"footnotes":""},"categories":[175,181],"tags":[],"class_list":["post-2326","post","type-post","status-publish","format-standard","hentry","category-educacio","category-escola"],"_links":{"self":[{"href":"https:\/\/blog.ravalnet.org\/recursosaula\/wp-json\/wp\/v2\/posts\/2326","targetHints":{"allow":["GET"]}}],"collection":[{"href":"https:\/\/blog.ravalnet.org\/recursosaula\/wp-json\/wp\/v2\/posts"}],"about":[{"href":"https:\/\/blog.ravalnet.org\/recursosaula\/wp-json\/wp\/v2\/types\/post"}],"author":[{"embeddable":true,"href":"https:\/\/blog.ravalnet.org\/recursosaula\/wp-json\/wp\/v2\/users\/86"}],"replies":[{"embeddable":true,"href":"https:\/\/blog.ravalnet.org\/recursosaula\/wp-json\/wp\/v2\/comments?post=2326"}],"version-history":[{"count":9,"href":"https:\/\/blog.ravalnet.org\/recursosaula\/wp-json\/wp\/v2\/posts\/2326\/revisions"}],"predecessor-version":[{"id":2328,"href":"https:\/\/blog.ravalnet.org\/recursosaula\/wp-json\/wp\/v2\/posts\/2326\/revisions\/2328"}],"wp:attachment":[{"href":"https:\/\/blog.ravalnet.org\/recursosaula\/wp-json\/wp\/v2\/media?parent=2326"}],"wp:term":[{"taxonomy":"category","embeddable":true,"href":"https:\/\/blog.ravalnet.org\/recursosaula\/wp-json\/wp\/v2\/categories?post=2326"},{"taxonomy":"post_tag","embeddable":true,"href":"https:\/\/blog.ravalnet.org\/recursosaula\/wp-json\/wp\/v2\/tags?post=2326"}],"curies":[{"name":"wp","href":"https:\/\/api.w.org\/{rel}","templated":true}]}}