{"id":2542,"date":"2015-04-29T19:35:17","date_gmt":"2015-04-29T18:35:17","guid":{"rendered":"http:\/\/blog.ravalnet.org\/recursosaula\/?p=2542"},"modified":"2015-05-15T19:48:21","modified_gmt":"2015-05-15T18:48:21","slug":"trobada-amb-els-avis","status":"publish","type":"post","link":"https:\/\/blog.ravalnet.org\/recursosaula\/2015\/04\/29\/trobada-amb-els-avis\/","title":{"rendered":"Trobada amb els avis"},"content":{"rendered":"<p>Seguint el somni de la Carme Barba, una altra escola \u00e9s possible, amb els nens i nenes de 5\u00e8 sortim dels murs de l&#8217;aula i busquem nous camins per fer-ho possible.<\/p>\n<p>Aquest cop hem dut a terme una activitat amb avis del Raval que participen en el projecte &#8220;Baixem al carrer&#8221;.<\/p>\n<p>El dijous 16 d&#8217;abril ens vam reunir al Casal d&#8217;avis del carrer Reina Am\u00e0lia i all\u00e0, alumnes i avis repartits en grups, van estar compartint les viv\u00e8ncies d&#8217;infantesa dels avis a partir de les preguntes \u00a0que els alumnes havien preparat a classe.<\/p>\n<p>Una setmana m\u00e9s tard, el dia de Sant Jordi, ens vam reunir amb els mateixos avis a la Haima que Tot Raval havia muntat per a l&#8217;ocasi\u00f3 a la Rambla del Raval.<\/p>\n<p>L&#8217;experi\u00e8ncia va ser del tot enriquidora, nens, avis, mestres, educadores&#8230;vam compartir viv\u00e8ncies, sentiments, emocions i tots en vam sortir m\u00e9s enriquits.<\/p>\n<p>Ja veus, Carme, des de les aules et seguim fent cas i treballant per una escola que canv\u00cfi el m\u00f3n. Gr\u00e0cies, molt\u00edssimes gr\u00e0cies, pel teu exemple i per tot el que em vas ensenyar!<\/p>\n<p>Seguim obrint l&#8217;aula per fer realitat el teu somni!<\/p>\n<p>V\u00eddeo de la trobada fet per Tot Raval<\/p>\n<p><iframe loading=\"lazy\" title=\"Trobada intergeneracional\" width=\"640\" height=\"360\" src=\"https:\/\/www.youtube.com\/embed\/gxf2iSmzhaE?feature=oembed\" frameborder=\"0\" allow=\"accelerometer; autoplay; clipboard-write; encrypted-media; gyroscope; picture-in-picture; web-share\" referrerpolicy=\"strict-origin-when-cross-origin\" allowfullscreen><\/iframe><\/p>\n<p><a href=\"http:\/\/www.btv.cat\/btvnoticies\/2015\/04\/20\/tot-raval-promou-trobades-intergeneracionals\/\" target=\"_blank\">NOT\u00cdCIA A BTV (CIUTAT VELLA)<\/a><\/p>\n<p><iframe loading=\"lazy\" title=\"Tot Raval promou trobades intergeneracionals   BTVNOT\u00cdCIES c\" width=\"640\" height=\"360\" src=\"https:\/\/www.youtube.com\/embed\/9WyzDhose_k?feature=oembed\" frameborder=\"0\" allow=\"accelerometer; autoplay; clipboard-write; encrypted-media; gyroscope; picture-in-picture; web-share\" referrerpolicy=\"strict-origin-when-cross-origin\" allowfullscreen><\/iframe><\/p>\n<p><a href=\"http:\/\/eldigital.bcn.cat\/joventut-i-experiencia-a-les-trobades-intergeneracionals_179328.html\" target=\"_blank\">\u00a0NOT\u00cdCIA \u00a0AL DIGITAL DE BARCELONA (AJUNTAMENT)<\/a><\/p>\n<p><iframe loading=\"lazy\" title=\"Joventut i experi\u00e8ncia, a les trobades intergeneracionals\" width=\"640\" height=\"360\" src=\"https:\/\/www.youtube.com\/embed\/-_TvCvLD5f8?feature=oembed\" frameborder=\"0\" allow=\"accelerometer; autoplay; clipboard-write; encrypted-media; gyroscope; picture-in-picture; web-share\" referrerpolicy=\"strict-origin-when-cross-origin\" allowfullscreen><\/iframe><\/p>\n<p><strong>Per escoltar fragments de les entrevistes aneu al Bloc de l&#8217;escola Collaso i Gil<\/strong> la podeu llegir<a href=\"http:\/\/agora.xtec.cat\/ceip-collaso\/primaria\/cicle-superior\/trobada-intergeneracional\/\" target=\"_blank\"><strong> aqu\u00ed<\/a><\/strong><\/p>\n","protected":false},"excerpt":{"rendered":"<p>Seguint el somni de la Carme Barba, una altra escola \u00e9s possible, amb els nens i nenes de 5\u00e8 sortim dels murs de l&#8217;aula i busquem nous camins per fer-ho possible. Aquest cop hem dut a terme una activitat amb &hellip; <a href=\"https:\/\/blog.ravalnet.org\/recursosaula\/2015\/04\/29\/trobada-amb-els-avis\/\">Continue reading <span class=\"meta-nav\">&rarr;<\/span><\/a><\/p>\n","protected":false},"author":86,"featured_media":0,"comment_status":"open","ping_status":"open","sticky":false,"template":"","format":"standard","meta":{"footnotes":""},"categories":[1],"tags":[],"class_list":["post-2542","post","type-post","status-publish","format-standard","hentry","category-uncategorized"],"_links":{"self":[{"href":"https:\/\/blog.ravalnet.org\/recursosaula\/wp-json\/wp\/v2\/posts\/2542","targetHints":{"allow":["GET"]}}],"collection":[{"href":"https:\/\/blog.ravalnet.org\/recursosaula\/wp-json\/wp\/v2\/posts"}],"about":[{"href":"https:\/\/blog.ravalnet.org\/recursosaula\/wp-json\/wp\/v2\/types\/post"}],"author":[{"embeddable":true,"href":"https:\/\/blog.ravalnet.org\/recursosaula\/wp-json\/wp\/v2\/users\/86"}],"replies":[{"embeddable":true,"href":"https:\/\/blog.ravalnet.org\/recursosaula\/wp-json\/wp\/v2\/comments?post=2542"}],"version-history":[{"count":11,"href":"https:\/\/blog.ravalnet.org\/recursosaula\/wp-json\/wp\/v2\/posts\/2542\/revisions"}],"predecessor-version":[{"id":2554,"href":"https:\/\/blog.ravalnet.org\/recursosaula\/wp-json\/wp\/v2\/posts\/2542\/revisions\/2554"}],"wp:attachment":[{"href":"https:\/\/blog.ravalnet.org\/recursosaula\/wp-json\/wp\/v2\/media?parent=2542"}],"wp:term":[{"taxonomy":"category","embeddable":true,"href":"https:\/\/blog.ravalnet.org\/recursosaula\/wp-json\/wp\/v2\/categories?post=2542"},{"taxonomy":"post_tag","embeddable":true,"href":"https:\/\/blog.ravalnet.org\/recursosaula\/wp-json\/wp\/v2\/tags?post=2542"}],"curies":[{"name":"wp","href":"https:\/\/api.w.org\/{rel}","templated":true}]}}